{"id":1068,"__str__":"Projeto de Lei - Legislativo n\u00ba 5 de 2018","link_detail_backend":"/materia/1068","metadata":{},"numero":5,"ano":2018,"numero_protocolo":null,"data_apresentacao":"2018-03-27","tipo_apresentacao":"E","data_publicacao":null,"numero_origem_externa":"","ano_origem_externa":null,"data_origem_externa":null,"apelido":"","dias_prazo":null,"data_fim_prazo":null,"em_tramitacao":false,"polemica":null,"objeto":"","complementar":null,"ementa":"Cria a semana municipal de conscientiza\u00e7\u00e3o do autismo, institui a pol\u00edtica municipal de atendimento aos direitos da pessoa com transtorno do espectro autista e d\u00e1 outras provid\u00eancias","indexacao":"","observacao":"","resultado":"","texto_original":"http://sapl.tijucasdosul.pr.leg.br/media/sapl/public/materialegislativa/2018/1068/projeto_de_lei_05-2018_-_maneco_-_autismo_-_re_6BB8FLs.docx","data_ultima_atualizacao":"2019-05-03T09:16:13.669655-03:00","ip":"","ultima_edicao":null,"tipo":4,"regime_tramitacao":1,"tipo_origem_externa":null,"local_origem_externa":null,"user":null,"anexadas":[],"autores":[11]}