{"id":3490,"__str__":"Requerimento n\u00ba 82 de 2023","link_detail_backend":"/materia/3490","metadata":{"signs":{"texto_original":{"admin":[],"autores":[["Adilson Luis de Oliveira",["2023-10-31T15:27:27-03:00","ICP-Brasil"]],["Cicero Antonio da Silva",["2023-10-31T15:27:57-03:00","ICP-Brasil"]],["Everaldo Schlosser",["2023-10-31T15:28:54-03:00","ICP-Brasil"]],["Joane Antonio de Oliveira",["2023-10-31T15:26:23-03:00","ICP-Brasil"]],["Joao Guilherme Camargo",["2023-10-31T15:29:21-03:00","ICP-Brasil"]],["Josmar Luis Camargo",["2023-10-31T15:29:47-03:00","ICP-Brasil"]],["Raquel Mercedes Alves dos Santos",["2023-10-31T15:26:58-03:00","ICP-Brasil"]],["Ricardo Chicovis de Oliveira",["2023-10-31T15:25:53-03:00","ICP-Brasil - Certificado PF A3"]],["Sidinei Jose de Lima",["2023-10-31T15:28:28-03:00","ICP-Brasil"]]]}}},"numero":82,"ano":2023,"numero_protocolo":null,"data_apresentacao":"2023-11-01","tipo_apresentacao":"E","data_publicacao":null,"numero_origem_externa":"","ano_origem_externa":null,"data_origem_externa":null,"apelido":"","dias_prazo":null,"data_fim_prazo":null,"em_tramitacao":false,"polemica":false,"objeto":"","complementar":false,"ementa":"Ilumina\u00e7\u00e3o P\u00fablica","indexacao":"","observacao":"","resultado":"","texto_original":"http://sapl.tijucasdosul.pr.leg.br/media/sapl/public/materialegislativa/2023/3490/requerimento_82-2023_-_vereadores_-_iluminacao_publica_-_corrigida.pdf","data_ultima_atualizacao":"2023-11-01T10:16:35.161188-03:00","ip":"191.243.136.154","ultima_edicao":"2023-11-01T10:13:40.943952-03:00","tipo":2,"regime_tramitacao":1,"tipo_origem_externa":null,"local_origem_externa":null,"user":20,"anexadas":[],"autores":[26,27,15,24,28,13,23,25,21]}